

{"id":11646,"date":"2020-10-15T10:57:34","date_gmt":"2020-10-15T09:57:34","guid":{"rendered":"http:\/\/www.tv-neuhof.de\/wordpress\/?p=11646"},"modified":"2020-10-15T10:57:35","modified_gmt":"2020-10-15T09:57:35","slug":"saisonstart","status":"publish","type":"post","link":"https:\/\/www.tv-neuhof.de\/wordpress\/2020\/10\/15\/saisonstart\/","title":{"rendered":"SAISONSTART"},"content":{"rendered":"\n<p>Endlich geht es wieder los!!!<\/p>\n\n\n\n<p>Die Saison 2020\/2021 startet f\u00fcr den TV Neuhof am 17. Oktober.<\/p>\n\n\n\n<p>Nat\u00fcrlich sind auch in diesem Jahr die Spielpl\u00e4ne und Ergebnisse auf den betreffenden Seiten einzusehen.<br>F\u00fcr die Zuschauer in der Johannes-Kepler-Halle wurde ein Hygienekonzept erstellt, dass sich an den aktuell g\u00fcltigen Corona-Vorschriften orientiert. Auf den Sitzpl\u00e4tzen ist keine Maske erforderlich, aber ansonsten gilt wie \u00fcberall die AHA-Regel!<\/p>\n\n\n\n<p>Wir w\u00fcnschen allen eine verletzungsfreie und vor allem auch gesunde Saison!<\/p>\n","protected":false},"excerpt":{"rendered":"<p>Endlich geht es wieder los!!! Die Saison 2020\/2021 startet f\u00fcr den TV Neuhof am 17. Oktober. Nat\u00fcrlich sind auch in diesem Jahr die Spielpl\u00e4ne und Ergebnisse auf den betreffenden Seiten einzusehen.F\u00fcr die Zuschauer in der Johannes-Kepler-Halle wurde ein Hygienekonzept erstellt, dass sich an den aktuell g\u00fcltigen Corona-Vorschriften orientiert. Auf den Sitzpl\u00e4tzen ist keine Maske erforderlich, [&hellip;]<\/p>\n","protected":false},"author":11,"featured_media":0,"comment_status":"closed","ping_status":"closed","sticky":false,"template":"","format":"standard","meta":{"ngg_post_thumbnail":0,"footnotes":""},"categories":[21,3],"tags":[63,55],"class_list":["post-11646","post","type-post","status-publish","format-standard","hentry","category-info","category-verein","tag-info","tag-verein"],"_links":{"self":[{"href":"https:\/\/www.tv-neuhof.de\/wordpress\/wp-json\/wp\/v2\/posts\/11646","targetHints":{"allow":["GET"]}}],"collection":[{"href":"https:\/\/www.tv-neuhof.de\/wordpress\/wp-json\/wp\/v2\/posts"}],"about":[{"href":"https:\/\/www.tv-neuhof.de\/wordpress\/wp-json\/wp\/v2\/types\/post"}],"author":[{"embeddable":true,"href":"https:\/\/www.tv-neuhof.de\/wordpress\/wp-json\/wp\/v2\/users\/11"}],"replies":[{"embeddable":true,"href":"https:\/\/www.tv-neuhof.de\/wordpress\/wp-json\/wp\/v2\/comments?post=11646"}],"version-history":[{"count":2,"href":"https:\/\/www.tv-neuhof.de\/wordpress\/wp-json\/wp\/v2\/posts\/11646\/revisions"}],"predecessor-version":[{"id":11648,"href":"https:\/\/www.tv-neuhof.de\/wordpress\/wp-json\/wp\/v2\/posts\/11646\/revisions\/11648"}],"wp:attachment":[{"href":"https:\/\/www.tv-neuhof.de\/wordpress\/wp-json\/wp\/v2\/media?parent=11646"}],"wp:term":[{"taxonomy":"category","embeddable":true,"href":"https:\/\/www.tv-neuhof.de\/wordpress\/wp-json\/wp\/v2\/categories?post=11646"},{"taxonomy":"post_tag","embeddable":true,"href":"https:\/\/www.tv-neuhof.de\/wordpress\/wp-json\/wp\/v2\/tags?post=11646"}],"curies":[{"name":"wp","href":"https:\/\/api.w.org\/{rel}","templated":true}]}}