

{"id":11664,"date":"2020-10-20T06:34:54","date_gmt":"2020-10-20T05:34:54","guid":{"rendered":"http:\/\/www.tv-neuhof.de\/wordpress\/?p=11664"},"modified":"2020-10-20T06:46:28","modified_gmt":"2020-10-20T05:46:28","slug":"herren-tv-neuhof-hsg-werra-who-ii-2817-139","status":"publish","type":"post","link":"https:\/\/www.tv-neuhof.de\/wordpress\/2020\/10\/20\/herren-tv-neuhof-hsg-werra-who-ii-2817-139\/","title":{"rendered":"Herren: TV Neuhof &#8211; HSG Werra WHO II 28:17 (13:9)"},"content":{"rendered":"\n<p><strong>Endlich wieder Handball! \u2013 TV Neuhof siegt zum Auftakt souver\u00e4n<br><br><\/strong>Nach langem Warten starteten die Neuhofer Handballer am vergangenen Wochenende endlich wieder in die Saison. Nachdem die Herren ihr letztes Punktspiel Anfang M\u00e4rz bestritten hatten und sich eine lange Phase der Ungewissheit und des Trainings unter erschwerten Bedingungen anschloss, sehnten die Handballer den Saisonbeginn herbei.<!--more--><\/p>\n\n\n\n<p>Trotz der Aussetzung der Ligaspiele und der Verschiebung der neuen Runde, tat sich in den vergangenen Monaten viel rund um die Abteilung sowie die Herrenmannschaft. Nat\u00fcrlich \u00fcberschattete das Thema Corona auch die Arbeit der Handballabteilung. Im Hintergrund wurden basierend auf den neuesten Erlassen und Informationen kontinuierlich Planungen vorangetrieben, die einen Trainings- sowie einen Spielbetrieb mit Zuschauern erm\u00f6glichen sollten. Oberste Priorit\u00e4t hatte dabei nat\u00fcrlich der Schutz der Gesundheit aller Aktiven sowie der Zuschauer.<\/p>\n\n\n\n<p>Dar\u00fcber hinaus galt es f\u00fcr Johannes Manz, der aus beruflichen Gr\u00fcnden nicht mehr als Trainer zur Verf\u00fcgung stehen konnte, einen ad\u00e4quaten Nachfolger auf dem Trainerposten zu finden. Die Suche nach einem neuen \u00dcbungsleiter gestaltete sich jedoch nicht zuletzt wegen der mangelnden Planungssicherheit als besonders schwierig. Gl\u00fccklicherweise gelang es schlie\u00dflich Michael Remmert erneut als Coach zu gewinnen, der ab dieser Saison die Rolle des Cheftrainers \u00fcbernimmt. Mit dem ehemaligen TV-Kreisl\u00e4ufer steht nun weiterhin ein erfahrener Trainer an der Seitenlinie, der die Mannschaft und den Verein bestens kennt. In der angebrochenen Saison wird der TV Neuhof dar\u00fcber hinaus im Herrenbereich nur noch mit einer Mannschaft antreten.<\/p>\n\n\n\n<p>Im Auftaktspiel gegen die HSG Werra WHO II startete Neuhof gut in die Partie und erk\u00e4mpfte sich bald eine 2-Tore-F\u00fchrung. Die G\u00e4ste aus dem Werratal lie\u00dfen sich jedoch nicht absch\u00fctteln und blieben durch Treffer von Daniel He\u00df und Ingo Breitbarth in Schlagdistanz. W\u00e4hrend dieser hei\u00df umk\u00e4mpften Phase war es gut, dass trotz der langen Spielpause die Abl\u00e4ufe in Angriff und Abwehr bei den Hausherren bereits gr\u00f6\u00dftenteils funktionierten. In der Offensive organisierte Alexander Remmert ein dynamisches Angriffsspiel. Der Mittelmann konnte sich au\u00dferdem selbst mit f\u00fcnf Toren in die Torsch\u00fctzenliste eintragen. Auch Tobias Neidert fand zu alter St\u00e4rke zur\u00fcck und war mit insgesamt 6 Toren bester Neuhofer Werfer. Da auch die Defensive stabil stand, konnte der Vorsprung bis zur Halbzeit auf 13:9 ausgebaut werden.<\/p>\n\n\n\n<p>Nach dem Wiederanpfiff gestaltete sich die Partie zun\u00e4chst ausgeglichen. Durch einige Unkonzentriertheiten im Abschluss konnte der TVN in dieser Phase die F\u00fchrung nicht ausbauen. Zur Mitte der zweiten Halbzeit schien jedoch der Knoten geplatzt zu sein und die Neuhofer setzten sich Tor um Tor ab. Zehn Minuten vor Ende der Partie konnte man so einen 7-Tore-Vorsprung verbuchen (20:13). Einen gro\u00dfen Anteil an den wenigen Gegentoren hatten die beiden gut aufgelegten Torh\u00fcter. Der in der Schlussphase eingewechselte Elmar M\u00fcller kn\u00fcpfte mit seinen Paraden nahtlos an die guten Leistungen von Tim Eisenstein an, sodass es den G\u00e4sten nicht mehr gelang aufzuschlie\u00dfen. Mit dem Endstand von 28:17 startet unser Team mit einen verdient deutlichen Sieg in die neuen Saison. \u00a0<\/p>\n\n\n\n<p>Es spielten:<br>T. Eisenstein (Tor), E. M\u00fcller (Tor), T. Neidert (6), A. Remmert (5), F.M\u00f6ller (3), J. Enders (3), S. Ellenbrand (3\/3), D. H\u00e4ndler (2), J. Manz (2), C. Temburg (2), M. Andre (1), L. Benkner (1), J. Kl\u00fch<\/p>\n\n\n\n<p class=\"has-text-align-right\"><em>(F.M)<\/em><\/p>\n","protected":false},"excerpt":{"rendered":"<p>Endlich wieder Handball! \u2013 TV Neuhof siegt zum Auftakt souver\u00e4n Nach langem Warten starteten die Neuhofer Handballer am vergangenen Wochenende endlich wieder in die Saison. Nachdem die Herren ihr letztes Punktspiel Anfang M\u00e4rz bestritten hatten und sich eine lange Phase der Ungewissheit und des Trainings unter erschwerten Bedingungen anschloss, sehnten die Handballer den Saisonbeginn herbei.<\/p>\n","protected":false},"author":11,"featured_media":0,"comment_status":"closed","ping_status":"closed","sticky":false,"template":"","format":"standard","meta":{"ngg_post_thumbnail":0,"footnotes":""},"categories":[4,38],"tags":[56,60],"class_list":["post-11664","post","type-post","status-publish","format-standard","hentry","category-herren","category-spielbericht","tag-herren","tag-spielbericht"],"_links":{"self":[{"href":"https:\/\/www.tv-neuhof.de\/wordpress\/wp-json\/wp\/v2\/posts\/11664","targetHints":{"allow":["GET"]}}],"collection":[{"href":"https:\/\/www.tv-neuhof.de\/wordpress\/wp-json\/wp\/v2\/posts"}],"about":[{"href":"https:\/\/www.tv-neuhof.de\/wordpress\/wp-json\/wp\/v2\/types\/post"}],"author":[{"embeddable":true,"href":"https:\/\/www.tv-neuhof.de\/wordpress\/wp-json\/wp\/v2\/users\/11"}],"replies":[{"embeddable":true,"href":"https:\/\/www.tv-neuhof.de\/wordpress\/wp-json\/wp\/v2\/comments?post=11664"}],"version-history":[{"count":2,"href":"https:\/\/www.tv-neuhof.de\/wordpress\/wp-json\/wp\/v2\/posts\/11664\/revisions"}],"predecessor-version":[{"id":11667,"href":"https:\/\/www.tv-neuhof.de\/wordpress\/wp-json\/wp\/v2\/posts\/11664\/revisions\/11667"}],"wp:attachment":[{"href":"https:\/\/www.tv-neuhof.de\/wordpress\/wp-json\/wp\/v2\/media?parent=11664"}],"wp:term":[{"taxonomy":"category","embeddable":true,"href":"https:\/\/www.tv-neuhof.de\/wordpress\/wp-json\/wp\/v2\/categories?post=11664"},{"taxonomy":"post_tag","embeddable":true,"href":"https:\/\/www.tv-neuhof.de\/wordpress\/wp-json\/wp\/v2\/tags?post=11664"}],"curies":[{"name":"wp","href":"https:\/\/api.w.org\/{rel}","templated":true}]}}