

{"id":12268,"date":"2022-09-27T11:02:07","date_gmt":"2022-09-27T09:02:07","guid":{"rendered":"https:\/\/www.tv-neuhof.de\/wordpress\/?p=12268"},"modified":"2022-09-27T14:00:01","modified_gmt":"2022-09-27T12:00:01","slug":"herren-tv-jahn-neuhof-tv-alsfeld-a-k-ii-a-k-3520-206","status":"publish","type":"post","link":"https:\/\/www.tv-neuhof.de\/wordpress\/2022\/09\/27\/herren-tv-jahn-neuhof-tv-alsfeld-a-k-ii-a-k-3520-206\/","title":{"rendered":"Herren: TV Jahn Neuhof \u2013\u00a0TV Alsfeld a.K. II (a.K.) 35:20 (20:6)"},"content":{"rendered":"\n<p><strong>Saisonstart gelungen &#8211; Herren siegen im ersten Spiel deutlich<\/strong><\/p>\n\n\n\n<p><em>Mit einem 35:20-Heimsieg er\u00f6ffnete die Herrenmannschaft des TVN die Saison 22\/23. Vor allem in der ersten Halbzeit zeigte die Mannschaft dabei eine starke Leistung<\/em>.<!--more--><\/p>\n\n\n\n<p>Nach dem Abschied von Trainer Michael Remmert, der das Team in der coronabedingt schwierigen Vorsaison zu einem respektablen dritten Platz in der Bezirksliga A gef\u00fchrt hatte, standen im Vorfeld der neuen Saison einige Ver\u00e4nderungen an. Die Bezirksligen A und B wurden aufgel\u00f6st und in zwei Regionalgruppen neu geordnet. Dies bedeutet, dass die Neuhofer in der Gruppe S\u00fcd zun\u00e4chst vermehrt auf Mannschaften aus der Region treffen. Im Anschluss k\u00f6nnen je nach Platzierung weitere Entscheidungsspiele anstehen.<br><br>Auf der Trainerposition r\u00fcckte mit Hans-J\u00fcrgen Arnold nicht nur ein erfahrener und engagierter Trainer, sondern auch ein&nbsp;alter Bekannter in die Reihen des TV Neuhof. Arnold trainierte die Herrenmannschaft bereits in den Jahren 2012 bis 2014. 2014 gelang ihm mit seiner Mannschaft der Gewinn des Meistertitels in der Bezirksliga und der Aufstieg in die Bezirksoberliga.<br>Nach einer guten Vorbereitung erwartete die Mannschaft und den neuen Trainer im ersten Spiel eine unbekannte Gr\u00f6\u00dfe:  TV Alsfeld II. Diese hatten die Woche zuvor FT Fulda II 40: 25 geschlagen.<br><br>Neuhof startete gut in die Partie und lie\u00df in den ersten zw\u00f6lf Minuten gerade einmal zwei Gegentreffer zu. Die Neuhofer Abwehrreihe nahm die angreifenden Alsfelder fr\u00fch in Empfang, so dass nur selten L\u00fccken entstanden. Dazu kam, dass Torh\u00fcter Tim Eisenstein eine gl\u00e4nzende Leistung zeigte und zun\u00e4chst jegliche Angriffsbem\u00fchungen der jungen Alsfelder Mannschaft zunichtemachte. Im Laufe des Spiels konnte er sage und schreibe 17 Paraden f\u00fcr sich verbuchen,  von denen er zudem einige \u00fcber schnell gespielte lange P\u00e4sse mit Toren vergolden konnte.<\/p>\n\n\n\n<p>Neuhof versuchte in der Folge das Tempo hochzuhalten und konnte nicht nur in den direkten Gegenst\u00f6\u00dfen, sondern auch in der zweiten Welle immer wieder zu Treffern kommen. So setzten sich die Hausherren bis zum Halbzeitpfiff mit 20:6 ab. Zufrieden ging man in die Kabine.<br><br>Nach dem Seitenwechsel galt es, die Konzentration weiterhin aufrecht zu erhalten. Denn auch mit den G\u00e4sten war noch zu rechnen. Die Alsfelder Reserve, die \u00fcberwiegend aus jungen Spielern bestand, steckte trotz des deutlichen R\u00fcckstandes nicht auf und versuchte dagegenzuhalten.<br>Da sich jetzt auf Neuhofer Seite vermehrt Unkonzentriertheiten einschlichen, und die Alsfelder h\u00e4ufiger L\u00fccken in der Abwehr fanden, konnten die Zuschauer eine deutlich ausgeglichenere zweite H\u00e4lfte sehen. Dennoch lie\u00dfen sich die Gastgeber, die insgesamt eine starke Leistung zeigten, den deutlichen Sieg nicht mehr nehmen. Nach 60 Minuten zeigte die Anzeigetafel 35:20.<\/p>\n\n\n\n<p>Auch erfreulich war der Einstand von Elias Hack. In der Neuhofer Jugend ausgebildet bestritt Elias nach einer l\u00e4ngeren Pause sein erstes Herrenspiel und f\u00fchrte sich mit 4 erzielten Toren gleich gut ein.<\/p>\n\n\n\n<p>Das n\u00e4chste Spiel der Herren findet am 8. Oktober um 19 Uhr statt. In der eigenen Halle empf\u00e4ngt der TV Neuhof die HSG Werra WHO II.<\/p>\n\n\n\n<p>Es spielten:<br>Tim Eisenstein (Tor), Elmar M\u00fcller (Tor), Julian Kl\u00fch, Johannes Manz, Marcel Sch\u00e4fer (8\/1), Alexander Remmert (6), Winfried Schmitt (1), Felix M\u00f6ller (6), Elias Hack (4), Jannik Enders (8), Johannes Kulla (2)<\/p>\n\n\n\n<p class=\"has-text-align-right\"><em>&#8211; F. M. &#8211;<\/em><\/p>\n","protected":false},"excerpt":{"rendered":"<p>Saisonstart gelungen &#8211; Herren siegen im ersten Spiel deutlich Mit einem 35:20-Heimsieg er\u00f6ffnete die Herrenmannschaft des TVN die Saison 22\/23. Vor allem in der ersten Halbzeit zeigte die Mannschaft dabei eine starke Leistung.<\/p>\n","protected":false},"author":11,"featured_media":0,"comment_status":"closed","ping_status":"closed","sticky":false,"template":"","format":"standard","meta":{"ngg_post_thumbnail":0,"footnotes":""},"categories":[4,38],"tags":[56,60],"class_list":["post-12268","post","type-post","status-publish","format-standard","hentry","category-herren","category-spielbericht","tag-herren","tag-spielbericht"],"_links":{"self":[{"href":"https:\/\/www.tv-neuhof.de\/wordpress\/wp-json\/wp\/v2\/posts\/12268","targetHints":{"allow":["GET"]}}],"collection":[{"href":"https:\/\/www.tv-neuhof.de\/wordpress\/wp-json\/wp\/v2\/posts"}],"about":[{"href":"https:\/\/www.tv-neuhof.de\/wordpress\/wp-json\/wp\/v2\/types\/post"}],"author":[{"embeddable":true,"href":"https:\/\/www.tv-neuhof.de\/wordpress\/wp-json\/wp\/v2\/users\/11"}],"replies":[{"embeddable":true,"href":"https:\/\/www.tv-neuhof.de\/wordpress\/wp-json\/wp\/v2\/comments?post=12268"}],"version-history":[{"count":4,"href":"https:\/\/www.tv-neuhof.de\/wordpress\/wp-json\/wp\/v2\/posts\/12268\/revisions"}],"predecessor-version":[{"id":12273,"href":"https:\/\/www.tv-neuhof.de\/wordpress\/wp-json\/wp\/v2\/posts\/12268\/revisions\/12273"}],"wp:attachment":[{"href":"https:\/\/www.tv-neuhof.de\/wordpress\/wp-json\/wp\/v2\/media?parent=12268"}],"wp:term":[{"taxonomy":"category","embeddable":true,"href":"https:\/\/www.tv-neuhof.de\/wordpress\/wp-json\/wp\/v2\/categories?post=12268"},{"taxonomy":"post_tag","embeddable":true,"href":"https:\/\/www.tv-neuhof.de\/wordpress\/wp-json\/wp\/v2\/tags?post=12268"}],"curies":[{"name":"wp","href":"https:\/\/api.w.org\/{rel}","templated":true}]}}