

{"id":12496,"date":"2023-03-07T10:43:09","date_gmt":"2023-03-07T09:43:09","guid":{"rendered":"https:\/\/www.tv-neuhof.de\/wordpress\/?p=12496"},"modified":"2023-03-07T10:46:09","modified_gmt":"2023-03-07T09:46:09","slug":"herren-tv-jahn-neuhof-ft-fulda-ii-3126-1515","status":"publish","type":"post","link":"https:\/\/www.tv-neuhof.de\/wordpress\/2023\/03\/07\/herren-tv-jahn-neuhof-ft-fulda-ii-3126-1515\/","title":{"rendered":"Herren: TV Jahn Neuhof \u2013 FT Fulda II 31:26 (15:15)"},"content":{"rendered":"\n<p><strong>Die M\u00e4nner des TV Neuhof beenden die Gruppenphase der Bezirksliga A mit einem Erfolgserlebnis. Vor heimischer Kulisse gelingt ein 31:26-Sieg gegen die Reserve der FT Fulda II.<\/strong><!--more--><\/p>\n\n\n\n<p>Nachdem man zuletzt das Derby gegen Eichenzell verloren hatte, galt es nun im letzten Gruppenphasen-Spiel der Saison noch einmal an die eigenen St\u00e4rken anzukn\u00fcpfen und Selbstbewusstsein f\u00fcr KO-Phase zu tanken.<\/p>\n\n\n\n<p>Dieses Vorhaben gestaltete sich aber in der Anfangsphase der Partie als nicht so einfach. Nachdem Felix M\u00f6ller das 1:0 f\u00fcr den TVN erzielt hatte, waren es zun\u00e4chst die G\u00e4ste die besser ins Spiel fanden und nach 7 Minuten das erste Mal mit 2 Toren in F\u00fchrung gingen (3:5). In der Folge konnte die M\u00e4nner vom Opperzer Berg zwar ausgleichen, doch FT hielt seine F\u00fchrung bis Mitte der ersten Halbzeit aufrecht (8:10).<\/p>\n\n\n\n<p>In der Folge war es mal wieder Marcel Sch\u00e4fer, der f\u00fcr die Gastgeber mehrfach den Ausgleich erzielte und so die Partie bis zum Halbzeitpfiff ausgeglichen hielt. So ging es mit einem leistungsgerechten 15:15 zum Pausentee.<\/p>\n\n\n\n<p>Im zweiten Durchgang waren es nun die M\u00e4nner vom TVN, die besser ins Spiel fanden und \u00fcber Felix M\u00f6ller, der mit 8 Toren bester Neuhofer Sch\u00fctze war, die erste F\u00fchrung \u00fcbernahmen. \u00dcber unsere Johannes-Connection bestehend aus Manz und Kulla gelang dann der Ausbau des Vorsprungs auf 4 Tore in der 39. Minute (20:16). Auch in der Folge behielten die Hausherren die Oberhand und konnten zwischenzeitlich auf 29:22 erh\u00f6hen und somit f\u00fcr die Vorentscheidung sorgen.<\/p>\n\n\n\n<p>So gewannen die Neuhofer M\u00e4nner das Spiel letztlich souver\u00e4n mit 31:26 und beenden die Gruppenphase als Dritter. Nun steht mit der KO-Phase die n\u00e4chste gro\u00dfe Herausforderung auf dem Plan: <strong>am Samstag, 11.03.2023 geht es um 19 Uhr in der Johannes-Kepler-Halle gegen den TSV Ost-Mosheim II.<\/strong><\/p>\n\n\n\n<p>\u00dcber zahlreiche Unterst\u00fctzung vom heimischen Publikum w\u00fcrden uns sehr freuen!<\/p>\n\n\n\n<p>Es spielten:<br>E. M\u00fcller (Tor), S. Ellenbrand (2\/1), J. Enders (1), J. Kulla (2), J. Manz (5), A. Remmert (4), F. M\u00f6ller (8), M. Sch\u00e4fer (6), J. Lachnitt, L. Benkner, D. Geil (1), W. Schmitt, M.P. Andr\u00e9 (2)<\/p>\n\n\n\n<p class=\"has-text-align-right\"><em>&#8211; T. E. &#8211;<\/em><\/p>\n","protected":false},"excerpt":{"rendered":"<p>Die M\u00e4nner des TV Neuhof beenden die Gruppenphase der Bezirksliga A mit einem Erfolgserlebnis. Vor heimischer Kulisse gelingt ein 31:26-Sieg gegen die Reserve der FT Fulda II.<\/p>\n","protected":false},"author":11,"featured_media":0,"comment_status":"closed","ping_status":"closed","sticky":false,"template":"","format":"standard","meta":{"ngg_post_thumbnail":0,"footnotes":""},"categories":[4,38],"tags":[56,60],"class_list":["post-12496","post","type-post","status-publish","format-standard","hentry","category-herren","category-spielbericht","tag-herren","tag-spielbericht"],"_links":{"self":[{"href":"https:\/\/www.tv-neuhof.de\/wordpress\/wp-json\/wp\/v2\/posts\/12496","targetHints":{"allow":["GET"]}}],"collection":[{"href":"https:\/\/www.tv-neuhof.de\/wordpress\/wp-json\/wp\/v2\/posts"}],"about":[{"href":"https:\/\/www.tv-neuhof.de\/wordpress\/wp-json\/wp\/v2\/types\/post"}],"author":[{"embeddable":true,"href":"https:\/\/www.tv-neuhof.de\/wordpress\/wp-json\/wp\/v2\/users\/11"}],"replies":[{"embeddable":true,"href":"https:\/\/www.tv-neuhof.de\/wordpress\/wp-json\/wp\/v2\/comments?post=12496"}],"version-history":[{"count":4,"href":"https:\/\/www.tv-neuhof.de\/wordpress\/wp-json\/wp\/v2\/posts\/12496\/revisions"}],"predecessor-version":[{"id":12500,"href":"https:\/\/www.tv-neuhof.de\/wordpress\/wp-json\/wp\/v2\/posts\/12496\/revisions\/12500"}],"wp:attachment":[{"href":"https:\/\/www.tv-neuhof.de\/wordpress\/wp-json\/wp\/v2\/media?parent=12496"}],"wp:term":[{"taxonomy":"category","embeddable":true,"href":"https:\/\/www.tv-neuhof.de\/wordpress\/wp-json\/wp\/v2\/categories?post=12496"},{"taxonomy":"post_tag","embeddable":true,"href":"https:\/\/www.tv-neuhof.de\/wordpress\/wp-json\/wp\/v2\/tags?post=12496"}],"curies":[{"name":"wp","href":"https:\/\/api.w.org\/{rel}","templated":true}]}}