

{"id":13717,"date":"2026-08-28T17:37:34","date_gmt":"2026-08-28T15:37:34","guid":{"rendered":"https:\/\/www.tv-neuhof.de\/wordpress\/?p=13717"},"modified":"2026-08-31T09:20:02","modified_gmt":"2026-08-31T07:20:02","slug":"turnierwochenende","status":"publish","type":"post","link":"https:\/\/www.tv-neuhof.de\/wordpress\/2026\/08\/28\/turnierwochenende\/","title":{"rendered":"Turnierwochenende!"},"content":{"rendered":"\n<p class=\"wp-block-paragraph\"><strong>\ud83c\udfd0 Die Saison r\u00fcckt n\u00e4her!<\/strong><\/p>\n\n\n\n<p class=\"wp-block-paragraph\">Allm\u00e4hlich biegen alle unsere Mannschaften auf die Zielgerade der Saisonvorbereitung ein \u2013 in zwei Wochen startet die Spielzeit. Zur Einstimmung stehen an diesem Wochenende noch einige Jugendturniere an:<\/p><!--more-->\n\n\n\n<p class=\"wp-block-paragraph\"><strong>\ud83d\udccd Samstag, 29.08.2026<\/strong><\/p>\n\n\n\n<pre class=\"wp-block-code\"><code>E-Jugend-Turnier ab 13:00 Uhr in der Sporthalle der Johannes-Kepler-Schule in Neuhof. Wir freuen uns, das Turnier ausrichten zu d\u00fcrfen \u2013 f\u00fcr das leibliche Wohl ist in unserem Handballbistro wie immer bestens gesorgt!\n\nM\u00e4nnliche D-Jugend ab 12:00 Uhr in der Kreissporthalle Flieden.<\/code><\/pre>\n\n\n\n<p class=\"wp-block-paragraph\"><strong>\ud83d\udccd Sonntag, 30.08.2026<\/strong><\/p>\n\n\n\n<pre class=\"wp-block-code\"><code>F-Jugend ab 09:30 Uhr in Flieden (ohne Beteiligung des TV Neuhof)\n\nWeibliche C-Jugend ab 14:00 Uhr in Flieden.\n\nM\u00e4nnliche C-Jugend ab 11:00 Uhr in der Gro\u00dfsporthalle Steinau.<\/code><\/pre>\n\n\n\n<p class=\"wp-block-paragraph\">Wir freuen uns auf unsere G\u00e4ste sowie auf viele anfeuernde Eltern, Zuschauer und Handballinteressierte! Kommt vorbei und unterst\u00fctzt unseren Nachwuchs lautstark! \ud83d\ude4c\ud83e\udd3e\u200d\u2640\ufe0f\ud83e\udd3e\u200d\u2642\ufe0f<\/p>\n","protected":false},"excerpt":{"rendered":"<p>\ud83c\udfd0 Die Saison r\u00fcckt n\u00e4her! Allm\u00e4hlich biegen alle unsere Mannschaften auf die Zielgerade der Saisonvorbereitung ein \u2013 in zwei Wochen startet die Spielzeit. Zur Einstimmung stehen an diesem Wochenende noch einige Jugendturniere an:<\/p>\n","protected":false},"author":11,"featured_media":0,"comment_status":"closed","ping_status":"closed","sticky":false,"template":"","format":"standard","meta":{"ngg_post_thumbnail":0,"footnotes":""},"categories":[22,23,8,9,54,24],"tags":[29,51,25,39,14,57],"class_list":["post-13717","post","type-post","status-publish","format-standard","hentry","category-mcj","category-wcj","category-mdj","category-wdj","category-e-jugend","category-f-jugend","tag-c-jugend-mannl","tag-c-jugend-weiblich","tag-d-jugend-mannl","tag-d-jugend-weibl","tag-e-jugend","tag-f-jugend"],"_links":{"self":[{"href":"https:\/\/www.tv-neuhof.de\/wordpress\/wp-json\/wp\/v2\/posts\/13717","targetHints":{"allow":["GET"]}}],"collection":[{"href":"https:\/\/www.tv-neuhof.de\/wordpress\/wp-json\/wp\/v2\/posts"}],"about":[{"href":"https:\/\/www.tv-neuhof.de\/wordpress\/wp-json\/wp\/v2\/types\/post"}],"author":[{"embeddable":true,"href":"https:\/\/www.tv-neuhof.de\/wordpress\/wp-json\/wp\/v2\/users\/11"}],"replies":[{"embeddable":true,"href":"https:\/\/www.tv-neuhof.de\/wordpress\/wp-json\/wp\/v2\/comments?post=13717"}],"version-history":[{"count":2,"href":"https:\/\/www.tv-neuhof.de\/wordpress\/wp-json\/wp\/v2\/posts\/13717\/revisions"}],"predecessor-version":[{"id":13719,"href":"https:\/\/www.tv-neuhof.de\/wordpress\/wp-json\/wp\/v2\/posts\/13717\/revisions\/13719"}],"wp:attachment":[{"href":"https:\/\/www.tv-neuhof.de\/wordpress\/wp-json\/wp\/v2\/media?parent=13717"}],"wp:term":[{"taxonomy":"category","embeddable":true,"href":"https:\/\/www.tv-neuhof.de\/wordpress\/wp-json\/wp\/v2\/categories?post=13717"},{"taxonomy":"post_tag","embeddable":true,"href":"https:\/\/www.tv-neuhof.de\/wordpress\/wp-json\/wp\/v2\/tags?post=13717"}],"curies":[{"name":"wp","href":"https:\/\/api.w.org\/{rel}","templated":true}]}}