

{"id":6822,"date":"2013-10-14T10:30:28","date_gmt":"2013-10-14T09:30:28","guid":{"rendered":"http:\/\/www.tv-neuhof.de\/wordpress\/?p=6822"},"modified":"2013-10-14T10:30:28","modified_gmt":"2013-10-14T09:30:28","slug":"b-jugend-mannlich-jsg-hainzellgosenluder-jsg-fliedenneuhof-1729-911","status":"publish","type":"post","link":"https:\/\/www.tv-neuhof.de\/wordpress\/2013\/10\/14\/b-jugend-mannlich-jsg-hainzellgosenluder-jsg-fliedenneuhof-1729-911\/","title":{"rendered":"B-Jugend m\u00e4nnlich: JSG Hainzell\/Go\u00dfenl\u00fcder : JSG Flieden\/Neuhof 17:29 (9:11)"},"content":{"rendered":"<p>Mit starker Mannschaftsleistung zum deutlichen Sieg<br \/>\n<!--more--><br \/>\nEine deutliche Leistungssteigerung in der zweiten H\u00e4lfte war der Garant f\u00fcr einen am Ende verdienten Sieg gegen die JSG Hainzell\/Gro\u00dfenl\u00fcder. Zun\u00e4chst sah es jedoch nicht nach einem solch klaren Ergebnis aus. Zu Beginn des Spiels taten sich die Jungs aus Flieden\/Neuhof gegen einen quirligen Gegner sehr schwer. Zwei technisch anspruchsvolle R\u00fcckraumspieler reichten aus, um sich ein ums andere Mal direkt durchzusetzen oder aber mit sch\u00f6nen Anspielen an den Kreisspieler zu brillieren. Erst mit der Umstellung auf eine defensive Abwehrarbeit stabilisierte sich unsere Hintermannschaft. So gelang es aus\u00a0 einem 1-Torer\u00fcckstand einen 2 Torevorsprung bis zur Halbzeitpause herauszuspielen.<\/p>\n<p>Nach dem Seitenwechsel brannte die Mannschaft f\u00f6rmlich ein R\u00fcckraumfeuerwerk ab. Dabei erkannte man leider erst jetzt den gegnerischen Torh\u00fcter als eine Schwachstelle der JSG Hainzell\/Gro\u00dfenl\u00fcder.\u00a0 Diese Gelegenheit nutzte man nun jedoch sehr konsequent und baute damit den Vorsprung aus, ohne dass es dem Gegner nochmals gelang, die Spielsituation zu seinen Gunsten zu drehen. Aber nicht nur im Angriff war eine merkliche Leistungssteigerung im zweiten Spielabschnitt zu erkennen. Auch in der Abwehr gab es f\u00fcr den Gegner trotz mehrmaliger Unterzahlsituation kaum noch ein Durchkommen. Durch die extrem defensiv gespielte 6:0 Abwehrformation zwang man den Gegner immer \u00f6fter zu W\u00fcrfen aus der zweiten Reihe, die entweder das Tor verfehlten oder aber Opfer unseres Torh\u00fcters wurden. Am Ende konnte man sich \u00fcber einen klaren 29:17 Erfolg und den vierten Sieg in Folge zu Recht freuen.<\/p>\n<p>Es spielten: Simon Kramer, Yannis Frings, Marvin R\u00fctzel, Jonas Seng, Jonas Harengel, Moritz Born, Constantin Haas, Konstantin Be\u00dfler, Alexander Remmert<\/p>\n","protected":false},"excerpt":{"rendered":"<p>Mit starker Mannschaftsleistung zum deutlichen Sieg<\/p>\n","protected":false},"author":11,"featured_media":0,"comment_status":"open","ping_status":"closed","sticky":false,"template":"","format":"standard","meta":{"ngg_post_thumbnail":0,"footnotes":""},"categories":[7,38],"tags":[40,60],"class_list":["post-6822","post","type-post","status-publish","format-standard","hentry","category-mbj","category-spielbericht","tag-b-jugend-mannl","tag-spielbericht"],"_links":{"self":[{"href":"https:\/\/www.tv-neuhof.de\/wordpress\/wp-json\/wp\/v2\/posts\/6822","targetHints":{"allow":["GET"]}}],"collection":[{"href":"https:\/\/www.tv-neuhof.de\/wordpress\/wp-json\/wp\/v2\/posts"}],"about":[{"href":"https:\/\/www.tv-neuhof.de\/wordpress\/wp-json\/wp\/v2\/types\/post"}],"author":[{"embeddable":true,"href":"https:\/\/www.tv-neuhof.de\/wordpress\/wp-json\/wp\/v2\/users\/11"}],"replies":[{"embeddable":true,"href":"https:\/\/www.tv-neuhof.de\/wordpress\/wp-json\/wp\/v2\/comments?post=6822"}],"version-history":[{"count":2,"href":"https:\/\/www.tv-neuhof.de\/wordpress\/wp-json\/wp\/v2\/posts\/6822\/revisions"}],"predecessor-version":[{"id":6824,"href":"https:\/\/www.tv-neuhof.de\/wordpress\/wp-json\/wp\/v2\/posts\/6822\/revisions\/6824"}],"wp:attachment":[{"href":"https:\/\/www.tv-neuhof.de\/wordpress\/wp-json\/wp\/v2\/media?parent=6822"}],"wp:term":[{"taxonomy":"category","embeddable":true,"href":"https:\/\/www.tv-neuhof.de\/wordpress\/wp-json\/wp\/v2\/categories?post=6822"},{"taxonomy":"post_tag","embeddable":true,"href":"https:\/\/www.tv-neuhof.de\/wordpress\/wp-json\/wp\/v2\/tags?post=6822"}],"curies":[{"name":"wp","href":"https:\/\/api.w.org\/{rel}","templated":true}]}}