

{"id":6848,"date":"2013-11-05T07:41:45","date_gmt":"2013-11-05T06:41:45","guid":{"rendered":"http:\/\/www.tv-neuhof.de\/wordpress\/?p=6848"},"modified":"2013-11-05T07:41:45","modified_gmt":"2013-11-05T06:41:45","slug":"a-jugend-mannlich-jsg-fliedenneuhof-jsg-hainzellgrluder-2629-1714","status":"publish","type":"post","link":"https:\/\/www.tv-neuhof.de\/wordpress\/2013\/11\/05\/a-jugend-mannlich-jsg-fliedenneuhof-jsg-hainzellgrluder-2629-1714\/","title":{"rendered":"A-Jugend m\u00e4nnlich: JSG Flieden\/Neuhof &#8211; JSG Hainzell\/GrL\u00fcder 26:29 (17:14)"},"content":{"rendered":"<p>Am Sonntag kam es zum Spitzenspiel der m\u00e4nnlichen A-Jugend in der Bezirksoberliga. Der Tabellenf\u00fchrer die JSG Hainzell\/Gro\u00dfenl\u00fcder war zu Gast in Neuhof.<br \/>\n<!--more--><br \/>\nIn einem kampfbetonten Spiel, bei dem sich beide Mannschaften nichts schenkten, \u00fcberzeugte die Heimmannschaft leider nur in der ersten Halbzeit. Durch eine gute Abwehr und einen starken Jannik Bachus konnten wir mit einer 17:14 F\u00fchrung in die Pause gehen.<\/p>\n<p>Leider war mit der Halbzeitpause auch unser Spielfluss unterbrochen. Es wurde sich zu sehr auf Einzelaktionen konzentriert und teilweise auch klare Torchancen vergeben. Der Gast holte immer weiter auf und konnte schlie\u00dflich sogar in F\u00fchrung gehen. Unser starker Torwart Elmar Kullmann verhinderte mit seinen Paraden, dass wir zu weit in R\u00fcckstand gerieten. Kurz vor Schlu\u00df waren wir wieder auf 2 Tore heran, aber ein \u00fcberhasteter Abschluss f\u00fchrte zum Tempogegensto\u00df, der dann den Abstand wieder auf 3 Tore erh\u00f6hte. Diesen konnten wir leider bis zum Schluss nicht mehr verk\u00fcrzen.<\/p>\n<p>Die Mannschaft hat gut gek\u00e4mpft, wobei sich immmer noch die mangelnde Abstimmung in Abwehr und Angriff bemerkbar macht. Bis zum R\u00fcckspiel sollte dies aber abgestellt sein und auch die verletzungsbedingt fehlenden Spieler werden dann wieder auflaufen.<\/p>\n<p>Es spielten:<br \/>\nBenni Illner (4), Christian Remmert, Daniel H\u00e4ndler, Elmar M\u00fcller (Tor), Jannik Bachus (12), Jannik Enders (1), Leon Poch (4), Leonard Hack (4), Marcel Sch\u00e4fer, Marco Klug (1), Sebastian Happ<\/p>\n","protected":false},"excerpt":{"rendered":"<p>Am Sonntag kam es zum Spitzenspiel der m\u00e4nnlichen A-Jugend in der Bezirksoberliga. Der Tabellenf\u00fchrer die JSG Hainzell\/Gro\u00dfenl\u00fcder war zu Gast in Neuhof.<\/p>\n","protected":false},"author":11,"featured_media":0,"comment_status":"open","ping_status":"closed","sticky":false,"template":"","format":"standard","meta":{"ngg_post_thumbnail":0,"footnotes":""},"categories":[49,38],"tags":[64,60],"class_list":["post-6848","post","type-post","status-publish","format-standard","hentry","category-a-jugend-mannl","category-spielbericht","tag-a-jugend-mannl","tag-spielbericht"],"_links":{"self":[{"href":"https:\/\/www.tv-neuhof.de\/wordpress\/wp-json\/wp\/v2\/posts\/6848","targetHints":{"allow":["GET"]}}],"collection":[{"href":"https:\/\/www.tv-neuhof.de\/wordpress\/wp-json\/wp\/v2\/posts"}],"about":[{"href":"https:\/\/www.tv-neuhof.de\/wordpress\/wp-json\/wp\/v2\/types\/post"}],"author":[{"embeddable":true,"href":"https:\/\/www.tv-neuhof.de\/wordpress\/wp-json\/wp\/v2\/users\/11"}],"replies":[{"embeddable":true,"href":"https:\/\/www.tv-neuhof.de\/wordpress\/wp-json\/wp\/v2\/comments?post=6848"}],"version-history":[{"count":2,"href":"https:\/\/www.tv-neuhof.de\/wordpress\/wp-json\/wp\/v2\/posts\/6848\/revisions"}],"predecessor-version":[{"id":6850,"href":"https:\/\/www.tv-neuhof.de\/wordpress\/wp-json\/wp\/v2\/posts\/6848\/revisions\/6850"}],"wp:attachment":[{"href":"https:\/\/www.tv-neuhof.de\/wordpress\/wp-json\/wp\/v2\/media?parent=6848"}],"wp:term":[{"taxonomy":"category","embeddable":true,"href":"https:\/\/www.tv-neuhof.de\/wordpress\/wp-json\/wp\/v2\/categories?post=6848"},{"taxonomy":"post_tag","embeddable":true,"href":"https:\/\/www.tv-neuhof.de\/wordpress\/wp-json\/wp\/v2\/tags?post=6848"}],"curies":[{"name":"wp","href":"https:\/\/api.w.org\/{rel}","templated":true}]}}